{"id":5295,"date":"2024-11-18T16:15:12","date_gmt":"2024-11-18T22:15:12","guid":{"rendered":"https:\/\/www.asociacionpasmo.org\/?p=5295"},"modified":"2024-11-21T09:58:44","modified_gmt":"2024-11-21T15:58:44","slug":"continua-con-tu-vida-indetectable-intransmisible","status":"publish","type":"post","link":"https:\/\/www.asociacionpasmo.org\/en\/2024\/11\/18\/continua-con-tu-vida-indetectable-intransmisible\/","title":{"rendered":"Undetectable = Untransmittable means Your Life can Continue"},"content":{"rendered":"<p>As part of World AIDS Day 2024, Asociaci\u00f3n PASMO launches the communication strategy and campaign \u201cUndetectable = Untransmittable  (U=U) means Your life can continue\u201d. This campaign, grounded in social marketing and communication for social and behavior change, aims to convey hope, life and a healthy future for people living with HIV. In the simplest of terms, by initiating and remaining in treatment, the levels of HIV in a person\u2019s system can become so low that the virus is considered \u201cundetectable\u201d in certain lab tests, and the person can no longer transmit the virus to their sexual partners or contacts, thus becoming \u201cuntransmittable\u201d.<\/p>\n<p>Specifically, the campaign, which is part of a broader strategy to integrate the U=U message into various interventions involving users, their immediate support networks, health services, and society, aims to address gaps across the HIV cascade. Therefore, the messages and healthy behaviors promoted by the campaign include:<\/p>\n<ul>\n<li><strong>Get tested for HIV:<\/strong> Knowing your HIV status allows for timely action.<\/li>\n<li><strong>Start treatment:<\/strong> If you receive a positive result, it is important to begin treatment as soon as possible.<\/li>\n<li><strong>Take your treatment consistently and correctly:<\/strong> People who adhere to their treatment maintain the virus at levels so low it cannot be detected by certain laboratory tests and can no longer be transmitted.<\/li>\n<\/ul>\n<p><img fetchpriority=\"high\" decoding=\"async\" class=\"alignnone wp-image-5296\" src=\"https:\/\/www.asociacionpasmo.org\/wp-content\/uploads\/2024\/11\/KV-PASMO-14-240x300.jpg\" alt=\"\" width=\"214\" height=\"268\" srcset=\"https:\/\/www.asociacionpasmo.org\/wp-content\/uploads\/2024\/11\/KV-PASMO-14-240x300.jpg 240w, https:\/\/www.asociacionpasmo.org\/wp-content\/uploads\/2024\/11\/KV-PASMO-14-819x1024.jpg 819w, https:\/\/www.asociacionpasmo.org\/wp-content\/uploads\/2024\/11\/KV-PASMO-14-768x960.jpg 768w, https:\/\/www.asociacionpasmo.org\/wp-content\/uploads\/2024\/11\/KV-PASMO-14-10x12.jpg 10w, https:\/\/www.asociacionpasmo.org\/wp-content\/uploads\/2024\/11\/KV-PASMO-14.jpg 1080w\" sizes=\"(max-width: 214px) 100vw, 214px\" \/>\u00a0 \u00a0 \u00a0 \u00a0 <img decoding=\"async\" class=\"alignnone wp-image-5297\" src=\"https:\/\/www.asociacionpasmo.org\/wp-content\/uploads\/2024\/11\/KV-PASMO-13-240x300.jpg\" alt=\"\" width=\"211\" height=\"264\" srcset=\"https:\/\/www.asociacionpasmo.org\/wp-content\/uploads\/2024\/11\/KV-PASMO-13-240x300.jpg 240w, https:\/\/www.asociacionpasmo.org\/wp-content\/uploads\/2024\/11\/KV-PASMO-13-819x1024.jpg 819w, https:\/\/www.asociacionpasmo.org\/wp-content\/uploads\/2024\/11\/KV-PASMO-13-768x960.jpg 768w, https:\/\/www.asociacionpasmo.org\/wp-content\/uploads\/2024\/11\/KV-PASMO-13-10x12.jpg 10w, https:\/\/www.asociacionpasmo.org\/wp-content\/uploads\/2024\/11\/KV-PASMO-13.jpg 1080w\" sizes=\"(max-width: 211px) 100vw, 211px\" \/>\u00a0 \u00a0 \u00a0 \u00a0<img decoding=\"async\" class=\"alignnone wp-image-5298\" src=\"https:\/\/www.asociacionpasmo.org\/wp-content\/uploads\/2024\/11\/KV-PASMO-1-240x300.jpg\" alt=\"\" width=\"210\" height=\"263\" srcset=\"https:\/\/www.asociacionpasmo.org\/wp-content\/uploads\/2024\/11\/KV-PASMO-1-240x300.jpg 240w, https:\/\/www.asociacionpasmo.org\/wp-content\/uploads\/2024\/11\/KV-PASMO-1-819x1024.jpg 819w, https:\/\/www.asociacionpasmo.org\/wp-content\/uploads\/2024\/11\/KV-PASMO-1-768x960.jpg 768w, https:\/\/www.asociacionpasmo.org\/wp-content\/uploads\/2024\/11\/KV-PASMO-1-10x12.jpg 10w, https:\/\/www.asociacionpasmo.org\/wp-content\/uploads\/2024\/11\/KV-PASMO-1.jpg 1080w\" sizes=\"(max-width: 210px) 100vw, 210px\" \/><\/p>\n<p>These messages will be disseminated through mass media and digital platforms during 2024 and 2025. In parallel, a comprehensive strategy will be implemented, including educational and interactive kits and sessions focused on healthcare providers and other stakeholders.  These sessions will equip providers with tools to better transmit Undetectable = Untransmittable (U=U) concepts and messages with users of HIV prevention, linkage, and\/or treatment services in Guatemala, El Salvador, Honduras, and Panama.<\/p>\n<p>Click on this link to learn more about the campaign:<\/p>\n<p><a href=\"https:\/\/www.yahoraque.info\/ii\/\">https:\/\/www.yahoraque.info\/ii\/<\/a><\/p>","protected":false},"excerpt":{"rendered":"<p>En el marco del D\u00eda Mundial de la Respuesta al VIH 2024, Asociaci\u00f3n PASMO lanza la estrategia de comunicaci\u00f3n y campa\u00f1a \u201cContin\u00faa con tu Vida\u201d Indetectable = Intransmisible (I=I), la cual, bajo el enfoque de mercadeo social y de comunicaci\u00f3n para el cambio social y de comportamiento, busca comunicar esperanza, vida y un futuro saludable&#8230;<\/p>","protected":false},"author":6,"featured_media":5299,"comment_status":"open","ping_status":"open","sticky":false,"template":"","format":"standard","meta":{"_kad_post_transparent":"default","_kad_post_title":"default","_kad_post_layout":"default","_kad_post_sidebar_id":"","_kad_post_content_style":"default","_kad_post_vertical_padding":"default","_kad_post_feature":"","_kad_post_feature_position":"","_kad_post_header":false,"_kad_post_footer":false,"footnotes":""},"categories":[143],"tags":[180,179,141],"class_list":["post-5295","post","type-post","status-publish","format-standard","has-post-thumbnail","hentry","category-y-ahora-que","tag-antirretroviral","tag-indetectable","tag-vih"],"yoast_head":"<!-- This site is optimized with the Yoast SEO plugin v27.5 - https:\/\/yoast.com\/product\/yoast-seo-wordpress\/ -->\n<title>Contin\u00faa con Tu Vida Indetectable = Intransmisible - Asociaci\u00f3n Pasmo<\/title>\n<meta name=\"description\" content=\"Contin\u00faa Con Tu Vida busca decodificar Indetectable = Intransmisible para que las personas vulnerables al VIH puedan realizarse la prueba.\" \/>\n<meta name=\"robots\" content=\"index, follow, max-snippet:-1, max-image-preview:large, max-video-preview:-1\" \/>\n<link rel=\"canonical\" href=\"https:\/\/www.asociacionpasmo.org\/en\/2024\/11\/18\/continua-con-tu-vida-indetectable-intransmisible\/\" \/>\n<meta property=\"og:locale\" content=\"en_US\" \/>\n<meta property=\"og:type\" content=\"article\" \/>\n<meta property=\"og:title\" content=\"Contin\u00faa con Tu Vida Indetectable = Intransmisible - Asociaci\u00f3n Pasmo\" \/>\n<meta property=\"og:description\" content=\"Contin\u00faa Con Tu Vida busca decodificar Indetectable = Intransmisible para que las personas vulnerables al VIH puedan realizarse la prueba.\" \/>\n<meta property=\"og:url\" content=\"https:\/\/www.asociacionpasmo.org\/en\/2024\/11\/18\/continua-con-tu-vida-indetectable-intransmisible\/\" \/>\n<meta property=\"og:site_name\" content=\"Asociaci\u00f3n Pasmo\" \/>\n<meta property=\"article:published_time\" content=\"2024-11-18T22:15:12+00:00\" \/>\n<meta property=\"article:modified_time\" content=\"2024-11-21T15:58:44+00:00\" \/>\n<meta property=\"og:image\" content=\"https:\/\/www.asociacionpasmo.org\/wp-content\/uploads\/2024\/11\/Color_CONTINUA_Horiz_.png\" \/>\n\t<meta property=\"og:image:width\" content=\"7403\" \/>\n\t<meta property=\"og:image:height\" content=\"3543\" \/>\n\t<meta property=\"og:image:type\" content=\"image\/png\" \/>\n<meta name=\"author\" content=\"Sof\u00eda Batres\" \/>\n<meta name=\"twitter:card\" content=\"summary_large_image\" \/>\n<meta name=\"twitter:label1\" content=\"Written by\" \/>\n\t<meta name=\"twitter:data1\" content=\"Sof\u00eda Batres\" \/>\n\t<meta name=\"twitter:label2\" content=\"Est. reading time\" \/>\n\t<meta name=\"twitter:data2\" content=\"3 minutes\" \/>\n<!-- \/ Yoast SEO plugin. -->","yoast_head_json":{"title":"Contin\u00faa con Tu Vida Indetectable = Intransmisible - Asociaci\u00f3n Pasmo","description":"Contin\u00faa Con Tu Vida busca decodificar Indetectable = Intransmisible para que las personas vulnerables al VIH puedan realizarse la prueba.","robots":{"index":"index","follow":"follow","max-snippet":"max-snippet:-1","max-image-preview":"max-image-preview:large","max-video-preview":"max-video-preview:-1"},"canonical":"https:\/\/www.asociacionpasmo.org\/en\/2024\/11\/18\/continua-con-tu-vida-indetectable-intransmisible\/","og_locale":"en_US","og_type":"article","og_title":"Contin\u00faa con Tu Vida Indetectable = Intransmisible - Asociaci\u00f3n Pasmo","og_description":"Contin\u00faa Con Tu Vida busca decodificar Indetectable = Intransmisible para que las personas vulnerables al VIH puedan realizarse la prueba.","og_url":"https:\/\/www.asociacionpasmo.org\/en\/2024\/11\/18\/continua-con-tu-vida-indetectable-intransmisible\/","og_site_name":"Asociaci\u00f3n Pasmo","article_published_time":"2024-11-18T22:15:12+00:00","article_modified_time":"2024-11-21T15:58:44+00:00","og_image":[{"width":7403,"height":3543,"url":"https:\/\/www.asociacionpasmo.org\/wp-content\/uploads\/2024\/11\/Color_CONTINUA_Horiz_.png","type":"image\/png"}],"author":"Sof\u00eda Batres","twitter_card":"summary_large_image","twitter_misc":{"Written by":"Sof\u00eda Batres","Est. reading time":"3 minutes"},"schema":{"@context":"https:\/\/schema.org","@graph":[{"@type":"Article","@id":"https:\/\/www.asociacionpasmo.org\/2024\/11\/18\/continua-con-tu-vida-indetectable-intransmisible\/#article","isPartOf":{"@id":"https:\/\/www.asociacionpasmo.org\/2024\/11\/18\/continua-con-tu-vida-indetectable-intransmisible\/"},"author":{"name":"Sof\u00eda Batres","@id":"https:\/\/www.asociacionpasmo.org\/#\/schema\/person\/7ad38a30e3837d76c7bab4483cea3df3"},"headline":"Contin\u00faa con Tu Vida Indetectable = Intransmisible","datePublished":"2024-11-18T22:15:12+00:00","dateModified":"2024-11-21T15:58:44+00:00","mainEntityOfPage":{"@id":"https:\/\/www.asociacionpasmo.org\/2024\/11\/18\/continua-con-tu-vida-indetectable-intransmisible\/"},"wordCount":358,"commentCount":0,"image":{"@id":"https:\/\/www.asociacionpasmo.org\/2024\/11\/18\/continua-con-tu-vida-indetectable-intransmisible\/#primaryimage"},"thumbnailUrl":"https:\/\/www.asociacionpasmo.org\/wp-content\/uploads\/2024\/11\/Color_CONTINUA_Horiz_.png","keywords":["Antirretroviral","Indetectable","VIH"],"articleSection":["\u00bfY ahora qu\u00e9?"],"inLanguage":"en-US","potentialAction":[{"@type":"CommentAction","name":"Comment","target":["https:\/\/www.asociacionpasmo.org\/2024\/11\/18\/continua-con-tu-vida-indetectable-intransmisible\/#respond"]}]},{"@type":"WebPage","@id":"https:\/\/www.asociacionpasmo.org\/2024\/11\/18\/continua-con-tu-vida-indetectable-intransmisible\/","url":"https:\/\/www.asociacionpasmo.org\/2024\/11\/18\/continua-con-tu-vida-indetectable-intransmisible\/","name":"Contin\u00faa con Tu Vida Indetectable = Intransmisible - Asociaci\u00f3n Pasmo","isPartOf":{"@id":"https:\/\/www.asociacionpasmo.org\/#website"},"primaryImageOfPage":{"@id":"https:\/\/www.asociacionpasmo.org\/2024\/11\/18\/continua-con-tu-vida-indetectable-intransmisible\/#primaryimage"},"image":{"@id":"https:\/\/www.asociacionpasmo.org\/2024\/11\/18\/continua-con-tu-vida-indetectable-intransmisible\/#primaryimage"},"thumbnailUrl":"https:\/\/www.asociacionpasmo.org\/wp-content\/uploads\/2024\/11\/Color_CONTINUA_Horiz_.png","datePublished":"2024-11-18T22:15:12+00:00","dateModified":"2024-11-21T15:58:44+00:00","author":{"@id":"https:\/\/www.asociacionpasmo.org\/#\/schema\/person\/7ad38a30e3837d76c7bab4483cea3df3"},"description":"Contin\u00faa Con Tu Vida busca decodificar Indetectable = Intransmisible para que las personas vulnerables al VIH puedan realizarse la prueba.","breadcrumb":{"@id":"https:\/\/www.asociacionpasmo.org\/2024\/11\/18\/continua-con-tu-vida-indetectable-intransmisible\/#breadcrumb"},"inLanguage":"en-US","potentialAction":[{"@type":"ReadAction","target":["https:\/\/www.asociacionpasmo.org\/2024\/11\/18\/continua-con-tu-vida-indetectable-intransmisible\/"]}]},{"@type":"ImageObject","inLanguage":"en-US","@id":"https:\/\/www.asociacionpasmo.org\/2024\/11\/18\/continua-con-tu-vida-indetectable-intransmisible\/#primaryimage","url":"https:\/\/www.asociacionpasmo.org\/wp-content\/uploads\/2024\/11\/Color_CONTINUA_Horiz_.png","contentUrl":"https:\/\/www.asociacionpasmo.org\/wp-content\/uploads\/2024\/11\/Color_CONTINUA_Horiz_.png","width":7403,"height":3543},{"@type":"BreadcrumbList","@id":"https:\/\/www.asociacionpasmo.org\/2024\/11\/18\/continua-con-tu-vida-indetectable-intransmisible\/#breadcrumb","itemListElement":[{"@type":"ListItem","position":1,"name":"Portada","item":"https:\/\/www.asociacionpasmo.org\/"},{"@type":"ListItem","position":2,"name":"Contin\u00faa con Tu Vida Indetectable = Intransmisible"}]},{"@type":"WebSite","@id":"https:\/\/www.asociacionpasmo.org\/#website","url":"https:\/\/www.asociacionpasmo.org\/","name":"Asociaci\u00f3n Pasmo","description":"","potentialAction":[{"@type":"SearchAction","target":{"@type":"EntryPoint","urlTemplate":"https:\/\/www.asociacionpasmo.org\/?s={search_term_string}"},"query-input":{"@type":"PropertyValueSpecification","valueRequired":true,"valueName":"search_term_string"}}],"inLanguage":"en-US"},{"@type":"Person","@id":"https:\/\/www.asociacionpasmo.org\/#\/schema\/person\/7ad38a30e3837d76c7bab4483cea3df3","name":"Sof\u00eda Batres","image":{"@type":"ImageObject","inLanguage":"en-US","@id":"https:\/\/secure.gravatar.com\/avatar\/2c68240e6b28200a8c28242ddbfb60afcf0166453e7de667d4d68e350e7e3a62?s=96&d=mm&r=g","url":"https:\/\/secure.gravatar.com\/avatar\/2c68240e6b28200a8c28242ddbfb60afcf0166453e7de667d4d68e350e7e3a62?s=96&d=mm&r=g","contentUrl":"https:\/\/secure.gravatar.com\/avatar\/2c68240e6b28200a8c28242ddbfb60afcf0166453e7de667d4d68e350e7e3a62?s=96&d=mm&r=g","caption":"Sof\u00eda Batres"},"sameAs":["https:\/\/www.asociacionpasmo.org\/"],"url":"https:\/\/www.asociacionpasmo.org\/en\/author\/sbatres\/"}]}},"_links":{"self":[{"href":"https:\/\/www.asociacionpasmo.org\/en\/wp-json\/wp\/v2\/posts\/5295","targetHints":{"allow":["GET"]}}],"collection":[{"href":"https:\/\/www.asociacionpasmo.org\/en\/wp-json\/wp\/v2\/posts"}],"about":[{"href":"https:\/\/www.asociacionpasmo.org\/en\/wp-json\/wp\/v2\/types\/post"}],"author":[{"embeddable":true,"href":"https:\/\/www.asociacionpasmo.org\/en\/wp-json\/wp\/v2\/users\/6"}],"replies":[{"embeddable":true,"href":"https:\/\/www.asociacionpasmo.org\/en\/wp-json\/wp\/v2\/comments?post=5295"}],"version-history":[{"count":3,"href":"https:\/\/www.asociacionpasmo.org\/en\/wp-json\/wp\/v2\/posts\/5295\/revisions"}],"predecessor-version":[{"id":5302,"href":"https:\/\/www.asociacionpasmo.org\/en\/wp-json\/wp\/v2\/posts\/5295\/revisions\/5302"}],"wp:featuredmedia":[{"embeddable":true,"href":"https:\/\/www.asociacionpasmo.org\/en\/wp-json\/wp\/v2\/media\/5299"}],"wp:attachment":[{"href":"https:\/\/www.asociacionpasmo.org\/en\/wp-json\/wp\/v2\/media?parent=5295"}],"wp:term":[{"taxonomy":"category","embeddable":true,"href":"https:\/\/www.asociacionpasmo.org\/en\/wp-json\/wp\/v2\/categories?post=5295"},{"taxonomy":"post_tag","embeddable":true,"href":"https:\/\/www.asociacionpasmo.org\/en\/wp-json\/wp\/v2\/tags?post=5295"}],"curies":[{"name":"wp","href":"https:\/\/api.w.org\/{rel}","templated":true}]}}